{"id":15238,"date":"2026-03-13T16:18:40","date_gmt":"2026-03-13T14:18:40","guid":{"rendered":"https:\/\/vulcanesti.md\/?p=15238"},"modified":"2026-03-13T16:18:42","modified_gmt":"2026-03-13T14:18:42","slug":"valkanes-dolayin-yasayannari-sotial-yardimi-kablettilar","status":"publish","type":"post","link":"https:\/\/vulcanesti.md\/md\/valkanes-dolayin-yasayannari-sotial-yardimi-kablettilar\/","title":{"rendered":"VALKANE\u015e DOLAYIN YA\u015eAYANNARI SO\u0162\u0130AL YARDIMI KABLETT\u0130L\u00c4R\u00a0"},"content":{"rendered":"\n<p><strong>Valkane\u015f dolay\u0131nda gumanitar yard\u0131m\u0131n\u0131 kablettil\u00e4r ya\u015fayannar, kim zor durumda bulun\u00ear. \u0130\u015f vizitinn\u00e4n burada bulundu T\u00fcrkiya devletind\u00e4n delega\u0163iya.<\/strong><\/p>\n\n\n\n<p>Valkane\u015f dolay\u0131n administra\u0163iyas\u0131nda ge\u00e7ti bulu\u015fmak, ang\u0131s\u0131nda pay ald\u0131lar T\u00fcrkiye devletin B\u00fc\u00fck El\u00e7isi Moldovada Uygar Mustafa Sertel, T\u00fcrkiye Genel Konsulu Eda G\u00fc\u00e7, hep \u00f6l\u00e4 d\u00e4 T\u0130KA agentliin koordinatoru&nbsp; Murat Zelan. Yard\u0131mnamak ak\u0163iyan\u0131n s\u0131n\u0131rlar\u0131nda, ang\u0131s\u0131 baal\u0131 Ramazan yortusuna, T\u00fcrkiye halk\u0131ndan imek mallar\u0131 verildil\u00e4r insannara. Yard\u0131m\u0131 pay edecekl\u00e4r primariyalarda dolay\u0131n herbir k\u00fc\u00fcy\u00fcn\u00e4 hem kasabas\u0131na. T\u00fcrkiye delega\u0163iya azalar\u0131 n\u0131\u015fannad\u0131lar, ani b\u00f6l\u00e4 yard\u0131m insannar i\u00e7in \u00f6nemni, ay\u0131r\u0131 kim bulun\u00ear zor durumda. Bulu\u015fman\u0131n pay alannar\u0131na dan\u0131\u015ft\u0131 T\u00fcrkiye devletin B\u00fc\u00fck El\u00e7isi Moldovada&nbsp; Mustafa Uygar Sertel:<em>&nbsp;\u00abBu \u00f6nemni Ramazan ay\u0131nda biz geldik avtonomiyaya bizim gagauz karda\u015flar\u0131m\u0131za, ki barabar yard\u0131m etm\u00e4\u00e4 onnara, kim zor durumda bulun\u0207r. Ba\u015fka y\u0131llarda da biz gen\u00e4 b\u00f6l\u00e4 gel\u00e4rdik yard\u0131mnan, \u015findi gen\u00e4 burada bulu\u015ftuk. Sevineriz b\u00fct\u00fcn candan, ani var kolayl\u0131k b\u00f6l\u00e4 yard\u0131m\u0131 verm\u00e4\u00e4 insannara bu \u00f6zel vak\u0131tta\u00bb.<\/em><\/p>\n\n\n\n<p>Bu ak\u0163iyada yard\u0131mc\u0131 oldu T\u0130KA barabar \u00e7al\u0131\u015fmak uurunda agentlii. \u00c7ok y\u0131l s\u0131ravard\u0131r onnar so\u0163ial hem infrastruktura proektlerini regionda yard\u0131m ederl\u00e4r giri\u015ftirm\u00e4\u00e4.<\/p>\n\n\n\n<p>Murat Zelan, T\u0130KA barabar \u00e7al\u0131\u015fmak uurunda agentlii koordinatoru<em>: \u00abBu y\u0131l \u00abBizim sofram\u0131z \u2013 cannardan\u00bb ak\u0163iyan\u0131n slogan\u0131. Onun ba\u015f neeti \u2014 payla\u015fmaa sevinmelikl\u00e4n hem s\u0131cakl\u0131klan kim\u00e4 bu ger\u00e7ekt\u00e4n l\u00e4\u00e4z\u0131m. Bizim i\u00e7in bu pek \u00f6nemni \u2014 biz sevineriz, ani Gagauziya ya\u015fayannar\u0131 da kat\u0131l\u0131 bu \u00f6nemni olaya\u00bb.<\/em><\/p>\n\n\n\n<p>Bu yard\u0131m\u0131n \u00f6nemnii i\u00e7in gagauz halk\u0131na s\u00f6ledi Valkane\u015f dolay administra\u0163iya ba\u015f\u0131 Ivan Kre\u0163u. O \u015f\u00fck\u00fcr etti T\u00fcrkiye devletini bu ak\u0163iya i\u00e7in.<\/p>\n\n\n\n<p><em>\u00abBizim dostlar bizi brakm\u00ea\u0207rlar yaln\u0131z, onnar bu yortuyu isteerl\u00e4r bizimn\u00e4n barabar payla\u015fs\u0131nnar da bizim da insannar duysunnar bu yortuyu, ne\u00e7inki&nbsp; biz bileriz, ani bizim var b\u00fc\u00fck dostlar\u0131m\u0131z \u2014 T\u00fcrkiye, ani bizi hi\u00e7 brakm\u00ea\u0207r, herbir zorumuzda onnar gelerl\u00e4r yard\u0131ma.&nbsp;<\/em><em>B<\/em><em>\u00fc\u00fc<\/em><em>n<\/em><em>&nbsp;<\/em><em>da<\/em><em>&nbsp;<\/em><em>onnar<\/em><em>&nbsp;<\/em><em>geldil<\/em><em>\u00e4<\/em><em>r<\/em><em>,&nbsp;<\/em><em>ani<\/em><em>&nbsp;<\/em><em>biz<\/em><em>&nbsp;<\/em><em>onnarlan<\/em><em>&nbsp;<\/em><em>birlik<\/em><em>,&nbsp;<\/em><em>onnarlan<\/em><em>&nbsp;<\/em><em>bu<\/em><em>&nbsp;<\/em><em>yortuyu<\/em><em>&nbsp;<\/em><em>ge<\/em><em>\u00e7<\/em><em>irelim<\/em><em>&nbsp;<\/em><em>da<\/em><em>&nbsp;<\/em><em>bizim<\/em><em>&nbsp;<\/em><em>insannar<\/em><em>&nbsp;<\/em><em>da<\/em><em>&nbsp;<\/em><em>sevinsinn<\/em><em>\u00e4<\/em><em>r<\/em><em>\u00bb,-<\/em>&nbsp;Ivan Kre\u0163u \u015f\u00fck\u00fcr etti.<\/p>\n\n\n\n<p>\u0130mek mallar\u0131n\u0131 verdil\u00e4r herbir primara, onnar kendi ya\u015famak erlerind\u00e4 daadaceklar zor durumda bulunan insannara. Yard\u0131m i\u00e7in \u015f\u00fck\u00fcr laflar\u0131n\u0131 s\u00f6ledi T\u00fcl\u00fck\u00fc\u00fc primar\u0131 Natalya Popova:&nbsp;<em>\u00abB\u00fct\u00fcn Gagauziya milletin ad\u0131ndan ger\u00e7ekt\u00e4n, T\u00fcrkiye Vumhuryetin\u00e4 te\u015fekk\u00fcr etm\u00e4\u00e4 isteeriz. \u0130i ,ki vars\u0131n\u0131z, Ramazan bayram\u0131 kutluca olsun, herkezin\u00e4 te\u015fekk\u00fcr ederim\u00bb.<\/em><\/p>\n\n\n\n<p>Yard\u0131mnamak ak\u0163iyas\u0131 her y\u0131l ge\u00e7er Ramazan ay\u0131nda hem oldu bir adet, ang\u0131s\u0131 g\u00f6sterer barabar sayg\u0131y\u0131 hem halklar\u0131n aras\u0131nda dost baalant\u0131lar\u0131n kaavilenmesini.<\/p>\n\n\n\n<figure class=\"wp-block-embed is-type-video is-provider-youtube wp-block-embed-youtube wp-embed-aspect-16-9 wp-has-aspect-ratio\"><div class=\"wp-block-embed__wrapper\">\n<iframe loading=\"lazy\" title=\"VALKANE\u015e DOLAYIN YA\u015eAYANNARI SO\u0162\u0130AL YARDIMI KABLETT\u0130L\u00c4R\" width=\"640\" height=\"360\" src=\"https:\/\/www.youtube.com\/embed\/0hvnK_CHSTI?feature=oembed\" frameborder=\"0\" allow=\"accelerometer; autoplay; clipboard-write; encrypted-media; gyroscope; picture-in-picture; web-share\" referrerpolicy=\"strict-origin-when-cross-origin\" allowfullscreen><\/iframe>\n<\/div><\/figure>\n","protected":false},"excerpt":{"rendered":"<p>Valkane\u015f dolay\u0131nda gumanitar yard\u0131m\u0131n\u0131 kablettil\u00e4r ya\u015fayannar, kim zor durumda bulun\u00ear. \u0130\u015f vizitinn\u00e4n burada bulundu T\u00fcrkiya<\/p>\n","protected":false},"author":2,"featured_media":15239,"comment_status":"closed","ping_status":"closed","sticky":false,"template":"","format":"standard","meta":{"footnotes":""},"categories":[6,29,25],"tags":[],"class_list":["post-15238","post","type-post","status-publish","format-standard","has-post-thumbnail","hentry","category-novosti-rajona","category-grt","category-administraciya"],"translation":{"provider":"WPGlobus","version":"3.0.2","language":"md","enabled_languages":["ru","md"],"languages":{"ru":{"title":true,"content":true,"excerpt":false},"md":{"title":false,"content":false,"excerpt":false}}},"yoast_head":"<!-- This site is optimized with the Yoast SEO plugin v27.5 - https:\/\/yoast.com\/product\/yoast-seo-wordpress\/ -->\n<title>VALKANE\u015e DOLAYIN YA\u015eAYANNARI SO\u0162\u0130AL YARDIMI KABLETT\u0130L\u00c4R\u00a0 - Administra\u0163ia raionului Vulc\u0103ne\u015fti<\/title>\n<meta name=\"robots\" content=\"index, follow, max-snippet:-1, max-image-preview:large, max-video-preview:-1\" \/>\n<link rel=\"canonical\" href=\"https:\/\/vulcanesti.md\/valkanes-dolayin-yasayannari-sotial-yardimi-kablettilar\/\" \/>\n<meta property=\"og:locale\" content=\"en_US\" \/>\n<meta property=\"og:type\" content=\"article\" \/>\n<meta property=\"og:title\" content=\"VALKANE\u015e DOLAYIN YA\u015eAYANNARI SO\u0162\u0130AL YARDIMI KABLETT\u0130L\u00c4R\u00a0 - Administra\u0163ia raionului Vulc\u0103ne\u015fti\" \/>\n<meta property=\"og:url\" content=\"https:\/\/vulcanesti.md\/valkanes-dolayin-yasayannari-sotial-yardimi-kablettilar\/\" \/>\n<meta property=\"og:site_name\" content=\"Administra\u0163ia raionului Vulc\u0103ne\u015fti\" \/>\n<meta property=\"article:author\" content=\"https:\/\/www.facebook.com\/profile.php?id=100025231542634\" \/>\n<meta property=\"article:published_time\" content=\"2026-03-13T14:18:40+00:00\" \/>\n<meta property=\"article:modified_time\" content=\"2026-03-13T14:18:42+00:00\" \/>\n<meta property=\"og:image\" content=\"https:\/\/vulcanesti.md\/wp-content\/uploads\/2026\/03\/WhatsApp-Image-2026-03-13-at-16.17.44.jpeg\" \/>\n\t<meta property=\"og:image:width\" content=\"1136\" \/>\n\t<meta property=\"og:image:height\" content=\"642\" \/>\n\t<meta property=\"og:image:type\" content=\"image\/jpeg\" \/>\n<meta name=\"author\" content=\"Volcan\" \/>\n<meta name=\"twitter:card\" content=\"summary_large_image\" \/>\n<meta name=\"twitter:label1\" content=\"Written by\" \/>\n\t<meta name=\"twitter:data1\" content=\"Volcan\" \/>\n\t<meta name=\"twitter:label2\" content=\"Est. reading time\" \/>\n\t<meta name=\"twitter:data2\" content=\"3 minute\" \/>\n<script type=\"application\/ld+json\" class=\"yoast-schema-graph\">{\"@context\":\"https:\\\/\\\/schema.org\",\"@graph\":[{\"@type\":\"Article\",\"@id\":\"https:\\\/\\\/vulcanesti.md\\\/valkanes-dolayin-yasayannari-sotial-yardimi-kablettilar\\\/#article\",\"isPartOf\":{\"@id\":\"https:\\\/\\\/vulcanesti.md\\\/valkanes-dolayin-yasayannari-sotial-yardimi-kablettilar\\\/\"},\"author\":{\"name\":\"Volcan\",\"@id\":\"https:\\\/\\\/vulcanesti.md\\\/#\\\/schema\\\/person\\\/d8475131edc830a691e3da38d8ce7fc3\"},\"headline\":\"VALKANE\u015e DOLAYIN YA\u015eAYANNARI SO\u0162\u0130AL YARDIMI KABLETT\u0130L\u00c4R\u00a0\",\"datePublished\":\"2026-03-13T14:18:40+00:00\",\"dateModified\":\"2026-03-13T14:18:42+00:00\",\"mainEntityOfPage\":{\"@id\":\"https:\\\/\\\/vulcanesti.md\\\/valkanes-dolayin-yasayannari-sotial-yardimi-kablettilar\\\/\"},\"wordCount\":551,\"image\":{\"@id\":\"https:\\\/\\\/vulcanesti.md\\\/valkanes-dolayin-yasayannari-sotial-yardimi-kablettilar\\\/#primaryimage\"},\"thumbnailUrl\":\"https:\\\/\\\/vulcanesti.md\\\/wp-content\\\/uploads\\\/2026\\\/03\\\/WhatsApp-Image-2026-03-13-at-16.17.44.jpeg\",\"articleSection\":[\"\u0218tiri din raion\",\"GRT\",\"\u0410\u0434\u043c\u0438\u043d\u0438\u0441\u0442\u0440\u0430\u0446\u0438\u044f\"],\"inLanguage\":\"ro-RO\"},{\"@type\":\"WebPage\",\"@id\":\"https:\\\/\\\/vulcanesti.md\\\/valkanes-dolayin-yasayannari-sotial-yardimi-kablettilar\\\/\",\"url\":\"https:\\\/\\\/vulcanesti.md\\\/valkanes-dolayin-yasayannari-sotial-yardimi-kablettilar\\\/\",\"name\":\"VALKANE\u015e DOLAYIN YA\u015eAYANNARI SO\u0162\u0130AL YARDIMI KABLETT\u0130L\u00c4R\u00a0 - Administra\u0163ia raionului Vulc\u0103ne\u015fti\",\"isPartOf\":{\"@id\":\"https:\\\/\\\/vulcanesti.md\\\/#website\"},\"primaryImageOfPage\":{\"@id\":\"https:\\\/\\\/vulcanesti.md\\\/valkanes-dolayin-yasayannari-sotial-yardimi-kablettilar\\\/#primaryimage\"},\"image\":{\"@id\":\"https:\\\/\\\/vulcanesti.md\\\/valkanes-dolayin-yasayannari-sotial-yardimi-kablettilar\\\/#primaryimage\"},\"thumbnailUrl\":\"https:\\\/\\\/vulcanesti.md\\\/wp-content\\\/uploads\\\/2026\\\/03\\\/WhatsApp-Image-2026-03-13-at-16.17.44.jpeg\",\"datePublished\":\"2026-03-13T14:18:40+00:00\",\"dateModified\":\"2026-03-13T14:18:42+00:00\",\"author\":{\"@id\":\"https:\\\/\\\/vulcanesti.md\\\/#\\\/schema\\\/person\\\/d8475131edc830a691e3da38d8ce7fc3\"},\"inLanguage\":\"ro-RO\",\"potentialAction\":[{\"@type\":\"ReadAction\",\"target\":[\"https:\\\/\\\/vulcanesti.md\\\/valkanes-dolayin-yasayannari-sotial-yardimi-kablettilar\\\/\"]}]},{\"@type\":\"ImageObject\",\"inLanguage\":\"ro-RO\",\"@id\":\"https:\\\/\\\/vulcanesti.md\\\/valkanes-dolayin-yasayannari-sotial-yardimi-kablettilar\\\/#primaryimage\",\"url\":\"https:\\\/\\\/vulcanesti.md\\\/wp-content\\\/uploads\\\/2026\\\/03\\\/WhatsApp-Image-2026-03-13-at-16.17.44.jpeg\",\"contentUrl\":\"https:\\\/\\\/vulcanesti.md\\\/wp-content\\\/uploads\\\/2026\\\/03\\\/WhatsApp-Image-2026-03-13-at-16.17.44.jpeg\",\"width\":1136,\"height\":642},{\"@type\":\"WebSite\",\"@id\":\"https:\\\/\\\/vulcanesti.md\\\/#website\",\"url\":\"https:\\\/\\\/vulcanesti.md\\\/\",\"name\":\"Administra\u0163ia raionului Vulc\u0103ne\u015fti\",\"description\":\"Pagina Oficial\u0103\",\"potentialAction\":[{\"@type\":\"SearchAction\",\"target\":{\"@type\":\"EntryPoint\",\"urlTemplate\":\"https:\\\/\\\/vulcanesti.md\\\/?s={search_term_string}\"},\"query-input\":{\"@type\":\"PropertyValueSpecification\",\"valueRequired\":true,\"valueName\":\"search_term_string\"}}],\"inLanguage\":\"ro-RO\"},{\"@type\":\"Person\",\"@id\":\"https:\\\/\\\/vulcanesti.md\\\/#\\\/schema\\\/person\\\/d8475131edc830a691e3da38d8ce7fc3\",\"name\":\"Volcan\",\"image\":{\"@type\":\"ImageObject\",\"inLanguage\":\"ro-RO\",\"@id\":\"https:\\\/\\\/secure.gravatar.com\\\/avatar\\\/f29b638a5b1cbd7f40c858a62b0b8e99d0cf7133f1325bf09aa065d975c09203?s=96&d=mm&r=g\",\"url\":\"https:\\\/\\\/secure.gravatar.com\\\/avatar\\\/f29b638a5b1cbd7f40c858a62b0b8e99d0cf7133f1325bf09aa065d975c09203?s=96&d=mm&r=g\",\"contentUrl\":\"https:\\\/\\\/secure.gravatar.com\\\/avatar\\\/f29b638a5b1cbd7f40c858a62b0b8e99d0cf7133f1325bf09aa065d975c09203?s=96&d=mm&r=g\",\"caption\":\"Volcan\"},\"sameAs\":[\"https:\\\/\\\/www.facebook.com\\\/profile.php?id=100025231542634\"],\"url\":\"https:\\\/\\\/vulcanesti.md\\\/md\\\/author\\\/v3mw6bgq\\\/\"}]}<\/script>\n<!-- \/ Yoast SEO plugin. -->","yoast_head_json":{"title":"VALKANE\u015e DOLAYIN YA\u015eAYANNARI SO\u0162\u0130AL YARDIMI KABLETT\u0130L\u00c4R\u00a0 - Administra\u0163ia raionului Vulc\u0103ne\u015fti","robots":{"index":"index","follow":"follow","max-snippet":"max-snippet:-1","max-image-preview":"max-image-preview:large","max-video-preview":"max-video-preview:-1"},"canonical":"https:\/\/vulcanesti.md\/valkanes-dolayin-yasayannari-sotial-yardimi-kablettilar\/","og_locale":"en_US","og_type":"article","og_title":"VALKANE\u015e DOLAYIN YA\u015eAYANNARI SO\u0162\u0130AL YARDIMI KABLETT\u0130L\u00c4R\u00a0 - Administra\u0163ia raionului Vulc\u0103ne\u015fti","og_url":"https:\/\/vulcanesti.md\/valkanes-dolayin-yasayannari-sotial-yardimi-kablettilar\/","og_site_name":"Administra\u0163ia raionului Vulc\u0103ne\u015fti","article_author":"https:\/\/www.facebook.com\/profile.php?id=100025231542634","article_published_time":"2026-03-13T14:18:40+00:00","article_modified_time":"2026-03-13T14:18:42+00:00","og_image":[{"width":1136,"height":642,"url":"https:\/\/vulcanesti.md\/wp-content\/uploads\/2026\/03\/WhatsApp-Image-2026-03-13-at-16.17.44.jpeg","type":"image\/jpeg"}],"author":"Volcan","twitter_card":"summary_large_image","twitter_misc":{"Written by":"Volcan","Est. reading time":"3 minute"},"schema":{"@context":"https:\/\/schema.org","@graph":[{"@type":"Article","@id":"https:\/\/vulcanesti.md\/valkanes-dolayin-yasayannari-sotial-yardimi-kablettilar\/#article","isPartOf":{"@id":"https:\/\/vulcanesti.md\/valkanes-dolayin-yasayannari-sotial-yardimi-kablettilar\/"},"author":{"name":"Volcan","@id":"https:\/\/vulcanesti.md\/#\/schema\/person\/d8475131edc830a691e3da38d8ce7fc3"},"headline":"VALKANE\u015e DOLAYIN YA\u015eAYANNARI SO\u0162\u0130AL YARDIMI KABLETT\u0130L\u00c4R\u00a0","datePublished":"2026-03-13T14:18:40+00:00","dateModified":"2026-03-13T14:18:42+00:00","mainEntityOfPage":{"@id":"https:\/\/vulcanesti.md\/valkanes-dolayin-yasayannari-sotial-yardimi-kablettilar\/"},"wordCount":551,"image":{"@id":"https:\/\/vulcanesti.md\/valkanes-dolayin-yasayannari-sotial-yardimi-kablettilar\/#primaryimage"},"thumbnailUrl":"https:\/\/vulcanesti.md\/wp-content\/uploads\/2026\/03\/WhatsApp-Image-2026-03-13-at-16.17.44.jpeg","articleSection":["\u0218tiri din raion","GRT","\u0410\u0434\u043c\u0438\u043d\u0438\u0441\u0442\u0440\u0430\u0446\u0438\u044f"],"inLanguage":"ro-RO"},{"@type":"WebPage","@id":"https:\/\/vulcanesti.md\/valkanes-dolayin-yasayannari-sotial-yardimi-kablettilar\/","url":"https:\/\/vulcanesti.md\/valkanes-dolayin-yasayannari-sotial-yardimi-kablettilar\/","name":"VALKANE\u015e DOLAYIN YA\u015eAYANNARI SO\u0162\u0130AL YARDIMI KABLETT\u0130L\u00c4R\u00a0 - Administra\u0163ia raionului Vulc\u0103ne\u015fti","isPartOf":{"@id":"https:\/\/vulcanesti.md\/#website"},"primaryImageOfPage":{"@id":"https:\/\/vulcanesti.md\/valkanes-dolayin-yasayannari-sotial-yardimi-kablettilar\/#primaryimage"},"image":{"@id":"https:\/\/vulcanesti.md\/valkanes-dolayin-yasayannari-sotial-yardimi-kablettilar\/#primaryimage"},"thumbnailUrl":"https:\/\/vulcanesti.md\/wp-content\/uploads\/2026\/03\/WhatsApp-Image-2026-03-13-at-16.17.44.jpeg","datePublished":"2026-03-13T14:18:40+00:00","dateModified":"2026-03-13T14:18:42+00:00","author":{"@id":"https:\/\/vulcanesti.md\/#\/schema\/person\/d8475131edc830a691e3da38d8ce7fc3"},"inLanguage":"ro-RO","potentialAction":[{"@type":"ReadAction","target":["https:\/\/vulcanesti.md\/valkanes-dolayin-yasayannari-sotial-yardimi-kablettilar\/"]}]},{"@type":"ImageObject","inLanguage":"ro-RO","@id":"https:\/\/vulcanesti.md\/valkanes-dolayin-yasayannari-sotial-yardimi-kablettilar\/#primaryimage","url":"https:\/\/vulcanesti.md\/wp-content\/uploads\/2026\/03\/WhatsApp-Image-2026-03-13-at-16.17.44.jpeg","contentUrl":"https:\/\/vulcanesti.md\/wp-content\/uploads\/2026\/03\/WhatsApp-Image-2026-03-13-at-16.17.44.jpeg","width":1136,"height":642},{"@type":"WebSite","@id":"https:\/\/vulcanesti.md\/#website","url":"https:\/\/vulcanesti.md\/","name":"Administra\u0163ia raionului Vulc\u0103ne\u015fti","description":"Pagina Oficial\u0103","potentialAction":[{"@type":"SearchAction","target":{"@type":"EntryPoint","urlTemplate":"https:\/\/vulcanesti.md\/?s={search_term_string}"},"query-input":{"@type":"PropertyValueSpecification","valueRequired":true,"valueName":"search_term_string"}}],"inLanguage":"ro-RO"},{"@type":"Person","@id":"https:\/\/vulcanesti.md\/#\/schema\/person\/d8475131edc830a691e3da38d8ce7fc3","name":"Volcan","image":{"@type":"ImageObject","inLanguage":"ro-RO","@id":"https:\/\/secure.gravatar.com\/avatar\/f29b638a5b1cbd7f40c858a62b0b8e99d0cf7133f1325bf09aa065d975c09203?s=96&d=mm&r=g","url":"https:\/\/secure.gravatar.com\/avatar\/f29b638a5b1cbd7f40c858a62b0b8e99d0cf7133f1325bf09aa065d975c09203?s=96&d=mm&r=g","contentUrl":"https:\/\/secure.gravatar.com\/avatar\/f29b638a5b1cbd7f40c858a62b0b8e99d0cf7133f1325bf09aa065d975c09203?s=96&d=mm&r=g","caption":"Volcan"},"sameAs":["https:\/\/www.facebook.com\/profile.php?id=100025231542634"],"url":"https:\/\/vulcanesti.md\/md\/author\/v3mw6bgq\/"}]}},"_links":{"self":[{"href":"https:\/\/vulcanesti.md\/md\/wp-json\/wp\/v2\/posts\/15238","targetHints":{"allow":["GET"]}}],"collection":[{"href":"https:\/\/vulcanesti.md\/md\/wp-json\/wp\/v2\/posts"}],"about":[{"href":"https:\/\/vulcanesti.md\/md\/wp-json\/wp\/v2\/types\/post"}],"author":[{"embeddable":true,"href":"https:\/\/vulcanesti.md\/md\/wp-json\/wp\/v2\/users\/2"}],"replies":[{"embeddable":true,"href":"https:\/\/vulcanesti.md\/md\/wp-json\/wp\/v2\/comments?post=15238"}],"version-history":[{"count":1,"href":"https:\/\/vulcanesti.md\/md\/wp-json\/wp\/v2\/posts\/15238\/revisions"}],"predecessor-version":[{"id":15240,"href":"https:\/\/vulcanesti.md\/md\/wp-json\/wp\/v2\/posts\/15238\/revisions\/15240"}],"wp:featuredmedia":[{"embeddable":true,"href":"https:\/\/vulcanesti.md\/md\/wp-json\/wp\/v2\/media\/15239"}],"wp:attachment":[{"href":"https:\/\/vulcanesti.md\/md\/wp-json\/wp\/v2\/media?parent=15238"}],"wp:term":[{"taxonomy":"category","embeddable":true,"href":"https:\/\/vulcanesti.md\/md\/wp-json\/wp\/v2\/categories?post=15238"},{"taxonomy":"post_tag","embeddable":true,"href":"https:\/\/vulcanesti.md\/md\/wp-json\/wp\/v2\/tags?post=15238"}],"curies":[{"name":"wp","href":"https:\/\/api.w.org\/{rel}","templated":true}]}}